{"id":1183,"date":"2026-04-26T18:06:49","date_gmt":"2026-04-26T17:06:49","guid":{"rendered":"http:\/\/contesdechorig.fr\/?p=1183"},"modified":"2026-04-26T18:06:49","modified_gmt":"2026-04-26T17:06:49","slug":"dates-des-balades-contees-2026-sur-le-theme-de-lamour","status":"publish","type":"post","link":"http:\/\/contesdechorig.fr\/index.php\/2026\/04\/26\/dates-des-balades-contees-2026-sur-le-theme-de-lamour\/","title":{"rendered":"Dates des Balades Cont\u00e9es 2026 sur le th\u00e8me de l\u2019Amour"},"content":{"rendered":"\n<p>1-Mercredi 17 Juin \u00e0 Rochetaill\u00e9e<\/p>\n\n\n\n<ul><li>de 15h \u00e0 16h<\/li><li>en cas de pluie nous serons dans une salle de la mairie de Rochetaill\u00e9e<\/li><li>le rendez-vous est au parking du Gouffre d\u2019enfer<\/li><\/ul>\n\n\n\n<p>2-Mercredi 1er Juillet au Parc de Valjoli \u00e0 Sorbiers de 10h \u00e0 11h<\/p>\n\n\n\n<ul><li>En cas de pluie, dans la salle de la conciergerie dans le Parc.<\/li><li>Rendez-vous devant le parking du parc<br>3-Samedi 4 Juillet de 10h \u00e0 11h \u00e0 Fontan\u00e8s<\/li><li>Rendez devant le portail du ch\u00e2teau de Fontan\u00e8s<\/li><li>En cas de pluie on sera dans la salle paroissiale de Fontan\u00e8s.<\/li><\/ul>\n\n\n\n<p>4-Mercredi 8 Juillet Saint-Victor-sur-Loire de 10h \u00e0 11h<\/p>\n\n\n\n<ul><li>* en cas de pluie dans l\u2019Amphith\u00e9\u00e2tre<\/li><li>* rendez-vous devant le parking du restaurant le Saint-Victor.<\/li><li>Adresse postale :<ol start=\"10\"><li>rue du port 42 230 Saint-Etienne<\/li><\/ol><\/li><\/ul>\n\n\n\n<p>5-Samedi 11 Juillet au Parc de Valjoli \u00e0 Sorbiers de 10h \u00e0 11h.<\/p>\n\n\n\n<ul><li>en cas de pluie, dans la salle Ar\u00e9na dans le complexe sportif de Sorbiers.<\/li><li>* rendez-vous devant le parking du parc<\/li><\/ul>\n\n\n\n<p>6-Mercredi 15 Juillet \u00e0 Roche la Moli\u00e8re de 10h \u00e0 11h<\/p>\n\n\n\n<ul><li>en cas de pluie nous serons dans une des salles de la maison des associations de Roche-la-Moli\u00e8re.<\/li><li>Renseignements aupr\u00e8s de Chorig Y\u00e9ramian, tel : 06 23 69 47 81<\/li><li>10\u20ac pour les non-adh\u00e9rents par adulte et 7\u20ac pour les adh\u00e9rents de l\u2019association.<\/li><li>5\u20ac pour les non adh\u00e9rents \u00e9tudiants, demandeurs d\u2019emploi et 3\u20ac pour les adh\u00e9rents. ( un justificatif sera demand\u00e9 pour les demandeurs d\u2019emploi ainsi que pour les \u00e9tudiants.)<\/li><li>A partir de 3 ans 5\u20ac<\/li><li>Pr\u00e9voir l\u2019appoint pour le r\u00e8glement en esp\u00e8ce.<\/li><li>Gratuit pour les enfants de \u2013 de 3 ans.<\/li><li>R\u00e9server Sept jours avant.<\/li><li>Un concours sera sur le th\u00e8me de l\u2019amour pour chaque balade, celui et celle qui pourra composer un texte ou un po\u00e8me sur le th\u00e8me de l\u2019amour aura un lot.<\/li><li>contesdechorig.fr<\/li><li>Possibilit\u00e9 d\u2019abris ou de salle en cas de pluie.<\/li><\/ul>\n","protected":false},"excerpt":{"rendered":"<p>1-Mercredi 17 Juin \u00e0 Rochetaill\u00e9e de 15h \u00e0 16h en cas de pluie nous serons dans une salle de la mairie de Rochetaill\u00e9e le rendez-vous est au parking du Gouffre d\u2019enfer 2-Mercredi 1er Juillet au Parc de Valjoli \u00e0 Sorbiers de 10h \u00e0 11h En cas de pluie, dans la salle de la conciergerie dans [&hellip;]<\/p>\n","protected":false},"author":1,"featured_media":0,"comment_status":"open","ping_status":"open","sticky":false,"template":"","format":"standard","meta":[],"categories":[1],"tags":[],"_links":{"self":[{"href":"http:\/\/contesdechorig.fr\/index.php\/wp-json\/wp\/v2\/posts\/1183"}],"collection":[{"href":"http:\/\/contesdechorig.fr\/index.php\/wp-json\/wp\/v2\/posts"}],"about":[{"href":"http:\/\/contesdechorig.fr\/index.php\/wp-json\/wp\/v2\/types\/post"}],"author":[{"embeddable":true,"href":"http:\/\/contesdechorig.fr\/index.php\/wp-json\/wp\/v2\/users\/1"}],"replies":[{"embeddable":true,"href":"http:\/\/contesdechorig.fr\/index.php\/wp-json\/wp\/v2\/comments?post=1183"}],"version-history":[{"count":1,"href":"http:\/\/contesdechorig.fr\/index.php\/wp-json\/wp\/v2\/posts\/1183\/revisions"}],"predecessor-version":[{"id":1184,"href":"http:\/\/contesdechorig.fr\/index.php\/wp-json\/wp\/v2\/posts\/1183\/revisions\/1184"}],"wp:attachment":[{"href":"http:\/\/contesdechorig.fr\/index.php\/wp-json\/wp\/v2\/media?parent=1183"}],"wp:term":[{"taxonomy":"category","embeddable":true,"href":"http:\/\/contesdechorig.fr\/index.php\/wp-json\/wp\/v2\/categories?post=1183"},{"taxonomy":"post_tag","embeddable":true,"href":"http:\/\/contesdechorig.fr\/index.php\/wp-json\/wp\/v2\/tags?post=1183"}],"curies":[{"name":"wp","href":"https:\/\/api.w.org\/{rel}","templated":true}]}}