{"id":1154,"date":"2025-06-27T11:01:58","date_gmt":"2025-06-27T10:01:58","guid":{"rendered":"http:\/\/contesdechorig.fr\/?p=1154"},"modified":"2025-06-27T11:01:58","modified_gmt":"2025-06-27T10:01:58","slug":"balades-contees-2025","status":"publish","type":"post","link":"http:\/\/contesdechorig.fr\/index.php\/2025\/06\/27\/balades-contees-2025\/","title":{"rendered":"Balades cont\u00e9es 2025"},"content":{"rendered":"\n<p><strong><u>Dates des Balades Cont\u00e9es 2025 sur le th\u00e8me de la Solidarit\u00e9<\/u><\/strong><\/p>\n\n\n\n<p>1-Samedi 28 Juin au <strong><em>Mus\u00e9e d\u2019Art et d\u2019Industrie.&nbsp;<\/em><\/strong><\/p>\n\n\n\n<p>de 10h \u00e0 11h<\/p>\n\n\n\n<p>-le rendez-vous est devant le portail du Mus\u00e9e.<\/p>\n\n\n\n<p>&#8211; en cas de pluie une salle du Mus\u00e9e<\/p>\n\n\n\n<p>2-Mercredi 2 Juillet au <strong><em>Parc Valjoly de Sorbiers Sorbiers.<\/em><\/strong><\/p>\n\n\n\n<ul><li>de 10h \u00e0 11h<\/li><li><em>en cas de pluie, dans la salle Arena dans le complexe sportif de Sorbiers.<\/em><\/li><li><em>* rendez-vous devant le parking du parc<\/em><em><\/em><\/li><\/ul>\n\n\n\n<p>3-Samedi 5 Juillet \u00e0 <strong><em>Saint-Victor sur Loire<\/em><\/strong>.<\/p>\n\n\n\n<p>&#8211; de 10h \u00e0 11h<\/p>\n\n\n\n<p><em>* en cas de pluie dans l\u2019Amphith\u00e9\u00e2tre<\/em><\/p>\n\n\n\n<p><em>* rendez-vous devant le parking du restaurant de l\u2019Isle de Saint-Victor.<\/em><\/p>\n\n\n\n<p>4-Mercredi 9 Juillet \u00e0 <strong><em>Rochetaill\u00e9e<\/em><\/strong>&nbsp;<\/p>\n\n\n\n<p>&#8211; de 10h \u00e0 11h<\/p>\n\n\n\n<p>&#8211; en cas de pluie nous serons dans une salle de la mairie de Rochetaill\u00e9e<\/p>\n\n\n\n<p>5-Samedi 12 Juillet soit au <strong>Parc de Roche la Moli\u00e8re<\/strong>&nbsp;<\/p>\n\n\n\n<ul><li>&nbsp;de 10h \u00e0 11h<\/li><li>En cas de pluie nous serons dans une salle 3 de la maison des associations.<\/li><\/ul>\n\n\n\n<p>6-Mercredi 16 Juillet au <strong><em>Parc de Valjoli \u00e0 Sorbiers<\/em><\/strong> de 10h \u00e0 11h.<\/p>\n\n\n\n<ul><li><em>en cas de pluie, dans la salle Ar\u00e9na dans le complexe sportif de Sorbiers.<\/em><\/li><li><em>* rendez-vous devant le parking du parc<\/em><em><\/em><\/li><\/ul>\n\n\n\n<p>7-Samedi 19 Juillet \u00e0 <strong>Saint-Victor-sur-Loire<\/strong><\/p>\n\n\n\n<p>&#8211; de 10h \u00e0 11h<\/p>\n\n\n\n<p><em>* en cas de pluie dans l\u2019Amphith\u00e9\u00e2tre<\/em><\/p>\n\n\n\n<p><em>* rendez-vous devant le parking du restaurant de l\u2019Isle de Saint-Victor.<\/em><\/p>\n\n\n\n<p><strong><em>Un pique-nique partag\u00e9&nbsp;!!! si pas de pluie.<\/em><\/strong><\/p>\n\n\n\n<ul><li>Renseignements aupr\u00e8s de <strong>Chorig Y\u00e9ramian<\/strong>, <strong>tel&nbsp;<\/strong><strong>: 06 23 69 47 81<\/strong><strong><\/strong><\/li><li>Prix <strong>7\u20ac<\/strong> par adulte<\/li><li><strong>5\u20ac<\/strong> pour les 12 \u00e0 17 ans et les demandeurs d\u2019emploi&nbsp;<\/li><li>A partir de 3 ans 5<strong>\u20ac<\/strong> (jusqu\u2019\u00e0 12 ans)<\/li><li>Pr\u00e9voir l\u2019appoint pour le r\u00e8glement en esp\u00e8ce.<\/li><li><strong>Gratuit pour les enfants de \u2013 de 3 ans.<\/strong><\/li><li>R\u00e9server trois jours avant<\/li><li><strong>Un concours sera sur le th\u00e8me de la solidarit\u00e9 pour chaque balade, celui et celle qui lira un texte ou un po\u00e8me sur le th\u00e8me de la solidarit\u00e9 aura un lot.<\/strong><\/li><li><strong>contesdechorig.fr<\/strong><\/li><li><strong>Possibilit\u00e9 d\u2019abris ou de salle en cas de pluie.<\/strong><\/li><\/ul>\n","protected":false},"excerpt":{"rendered":"<p>Dates des Balades Cont\u00e9es 2025 sur le th\u00e8me de la Solidarit\u00e9 1-Samedi 28 Juin au Mus\u00e9e d\u2019Art et d\u2019Industrie.&nbsp; de 10h \u00e0 11h -le rendez-vous est devant le portail du Mus\u00e9e. &#8211; en cas de pluie une salle du Mus\u00e9e 2-Mercredi 2 Juillet au Parc Valjoly de Sorbiers Sorbiers. de 10h \u00e0 11h en cas [&hellip;]<\/p>\n","protected":false},"author":1,"featured_media":0,"comment_status":"open","ping_status":"open","sticky":false,"template":"","format":"standard","meta":[],"categories":[1],"tags":[],"_links":{"self":[{"href":"http:\/\/contesdechorig.fr\/index.php\/wp-json\/wp\/v2\/posts\/1154"}],"collection":[{"href":"http:\/\/contesdechorig.fr\/index.php\/wp-json\/wp\/v2\/posts"}],"about":[{"href":"http:\/\/contesdechorig.fr\/index.php\/wp-json\/wp\/v2\/types\/post"}],"author":[{"embeddable":true,"href":"http:\/\/contesdechorig.fr\/index.php\/wp-json\/wp\/v2\/users\/1"}],"replies":[{"embeddable":true,"href":"http:\/\/contesdechorig.fr\/index.php\/wp-json\/wp\/v2\/comments?post=1154"}],"version-history":[{"count":1,"href":"http:\/\/contesdechorig.fr\/index.php\/wp-json\/wp\/v2\/posts\/1154\/revisions"}],"predecessor-version":[{"id":1155,"href":"http:\/\/contesdechorig.fr\/index.php\/wp-json\/wp\/v2\/posts\/1154\/revisions\/1155"}],"wp:attachment":[{"href":"http:\/\/contesdechorig.fr\/index.php\/wp-json\/wp\/v2\/media?parent=1154"}],"wp:term":[{"taxonomy":"category","embeddable":true,"href":"http:\/\/contesdechorig.fr\/index.php\/wp-json\/wp\/v2\/categories?post=1154"},{"taxonomy":"post_tag","embeddable":true,"href":"http:\/\/contesdechorig.fr\/index.php\/wp-json\/wp\/v2\/tags?post=1154"}],"curies":[{"name":"wp","href":"https:\/\/api.w.org\/{rel}","templated":true}]}}